{"id":1117,"date":"2024-01-15T15:27:12","date_gmt":"2024-01-15T13:27:12","guid":{"rendered":"https:\/\/snrir.ro\/?p=1117"},"modified":"2024-01-15T15:29:25","modified_gmt":"2024-01-15T13:29:25","slug":"1117-2","status":"publish","type":"post","link":"https:\/\/snrir.ro\/en\/1117-2\/","title":{"rendered":"A 13-a edi\u021bie a Conferin\u021bei Na\u021bionale SNRIR"},"content":{"rendered":"<p>Dragi colegi,<\/p>\n<p>Avem deosebita pl\u0103cere de a anun\u021ba deschise \u00eenscrierile la cea\u00a0<strong>de-a 13-a edi\u021bie a Conferin\u021bei Na\u021bionale SNRIR<\/strong>, ce se va desf\u0103\u0219ura \u00een perioada\u00a0<strong>12-14 aprilie 2024<\/strong>, \u00een cadrul\u00a0<strong>Centrului de Evenimente K2 Alpin<\/strong>, la\u00a0<strong>Poiana Bra\u0219ov<\/strong>!<\/p>\n<p>Manifestarea se adreseaz\u0103 comunit\u0103\u021bii medicale \u0219i \u0219tiin\u021bifice din specialit\u0103\u0163i precum Radiologie- Imagistic\u0103, Neurologie, Neurochirurgie, Urologie, Ginecologie, Endocrinologie, Cardiologie, Oncologie, dar \u015fi tuturor subspecialit\u0103\u0163ilor conexe interesate de domeniul Radiologiei \u015fi Neuroradiologiei interven\u0163ionale.\u00a0\u00cen aceast\u0103 edi\u0163ie vom mai avea \u015fi o sesiune dedicat\u0103 Neuroradiologiei diagnostice, dar \u015fi o sesiune a reziden\u0163ilor.<\/p>\n<p>Similar edi\u021biilor anterioare, vom avea ocazia s\u0103 ascult\u0103m prezent\u0103rile unor lectori de renume na\u021bional \u0219i interna\u021bional, lideri de opinie \u00een domeniul pe care-l reprezint\u0103, conturate \u00eentr-un program \u015ftiin\u0163ific deosebit de complex si care va cuprinde al\u0103turi de prezent\u0103ri,workshop-uri tip hands-on \u015fi sesiuni interactive.<\/p>\n<p>Lans\u0103m, pe aceast\u0103 cale, c\u0103tre to\u021bi colegii invita\u021bia de a participa la\u00a0<strong>Conferin\u0163a Na\u0163ional\u0103 a Societ\u0103\u0163ii de Neuroradiologie \u015fi Radiologie Interven\u0163ional\u0103 din Rom\u00e2nia, edi\u0163ia a 13-a,<\/strong>\u00a0eveniment \u015ftiin\u021bific de \u00eenalt\u0103 \u0163inut\u0103 \u0219tiin\u021bific\u0103 medical\u0103, care va aduce un plus de valoare orizontului profesional al tuturor participan\u0163ilor.<\/p>\n<p>V\u0103 invit\u0103m s\u0103 v\u0103 \u00eenscrie\u0163i la conferin\u0163\u0103 acces\u00e2nd <a href=\"https:\/\/simpozion-snrir.ro\/?utm_source=brevo&#038;utm_campaign=INSCRIERI++Conferina+Naional+SNRIR+12-14+aprilie+2024+Poiana+Braov&#038;utm_medium=email\">https:\/\/simpozion-snrir.ro\/<\/a>! Mai multe detalii despre eveniment vor fi \u00een permanen\u0163\u0103 actualizate pe acest site.<\/p>\n<p style=\"text-align: center;\"><strong><em>V\u0103 a\u015ftept\u0103m cu drag s\u0103 ne fi\u021bi al\u0103turi \u00eentr-un num\u0103r c\u00e2t mai mare!<br \/>\n<\/em><\/strong><strong><em>Conf. Dr. Bogdan\u00a0Valeriu\u00a0Popa<br \/>\n<\/em><\/strong><strong><em>Pre\u015fedinte<br \/>\n<\/em><\/strong><strong><em>Societatea de Neuroradiologie \u0219i Radiologie Interven\u021bional\u0103 din Rom\u00e2nia (SNRIR)<\/em><\/strong><\/p>\n","protected":false},"excerpt":{"rendered":"<p>Dragi colegi, Avem deosebita pl\u0103cere de a anun\u021ba deschise \u00eenscrierile la cea\u00a0de-a 13-a edi\u021bie a Conferin\u021bei Na\u021bionale SNRIR, ce se va desf\u0103\u0219ura \u00een perioada\u00a012-14 aprilie 2024, \u00een cadrul\u00a0Centrului de Evenimente K2 Alpin, la\u00a0Poiana Bra\u0219ov! Manifestarea se adreseaz\u0103 comunit\u0103\u021bii medicale \u0219i \u0219tiin\u021bifice din specialit\u0103\u0163i precum Radiologie- Imagistic\u0103, Neurologie, Neurochirurgie, Urologie, Ginecologie, Endocrinologie, Cardiologie, Oncologie, dar \u015fi tuturor subspecialit\u0103\u0163ilor conexe interesate de domeniul Radiologiei \u015fi Neuroradiologiei interven\u0163ionale.\u00a0\u00cen aceast\u0103 edi\u0163ie vom mai avea \u015fi o sesiune dedicat\u0103 Neuroradiologiei diagnostice, dar \u015fi o sesiune a reziden\u0163ilor. Similar edi\u021biilor anterioare, vom avea ocazia s\u0103 ascult\u0103m prezent\u0103rile unor lectori de renume na\u021bional \u0219i interna\u021bional, lideri de opinie \u00een domeniul pe care-l reprezint\u0103, conturate \u00eentr-un program \u015ftiin\u0163ific deosebit de complex si care va cuprinde al\u0103turi de prezent\u0103ri,workshop-uri tip hands-on \u015fi sesiuni interactive. Lans\u0103m, pe aceast\u0103 cale, c\u0103tre to\u021bi colegii invita\u021bia de a participa la\u00a0Conferin\u0163a Na\u0163ional\u0103 a Societ\u0103\u0163ii de Neuroradiologie \u015fi Radiologie Interven\u0163ional\u0103 din Rom\u00e2nia, edi\u0163ia a 13-a,\u00a0eveniment \u015ftiin\u021bific de \u00eenalt\u0103 \u0163inut\u0103 \u0219tiin\u021bific\u0103 medical\u0103, care va aduce un plus de valoare orizontului profesional al tuturor participan\u0163ilor. V\u0103 invit\u0103m s\u0103 v\u0103 \u00eenscrie\u0163i la conferin\u0163\u0103 acces\u00e2nd https:\/\/simpozion-snrir.ro\/! Mai multe detalii despre eveniment vor fi \u00een permanen\u0163\u0103 actualizate pe acest site. V\u0103 a\u015ftept\u0103m cu drag s\u0103 ne fi\u021bi al\u0103turi \u00eentr-un num\u0103r c\u00e2t mai mare! Conf. Dr. Bogdan\u00a0Valeriu\u00a0Popa Pre\u015fedinte Societatea de Neuroradiologie \u0219i Radiologie Interven\u021bional\u0103 din Rom\u00e2nia (SNRIR)<\/p>\n","protected":false},"author":1,"featured_media":1118,"comment_status":"closed","ping_status":"open","sticky":false,"template":"","format":"standard","meta":{"_mi_skip_tracking":false},"categories":[27],"tags":[],"_links":{"self":[{"href":"https:\/\/snrir.ro\/en\/wp-json\/wp\/v2\/posts\/1117"}],"collection":[{"href":"https:\/\/snrir.ro\/en\/wp-json\/wp\/v2\/posts"}],"about":[{"href":"https:\/\/snrir.ro\/en\/wp-json\/wp\/v2\/types\/post"}],"author":[{"embeddable":true,"href":"https:\/\/snrir.ro\/en\/wp-json\/wp\/v2\/users\/1"}],"replies":[{"embeddable":true,"href":"https:\/\/snrir.ro\/en\/wp-json\/wp\/v2\/comments?post=1117"}],"version-history":[{"count":3,"href":"https:\/\/snrir.ro\/en\/wp-json\/wp\/v2\/posts\/1117\/revisions"}],"predecessor-version":[{"id":1121,"href":"https:\/\/snrir.ro\/en\/wp-json\/wp\/v2\/posts\/1117\/revisions\/1121"}],"wp:featuredmedia":[{"embeddable":true,"href":"https:\/\/snrir.ro\/en\/wp-json\/wp\/v2\/media\/1118"}],"wp:attachment":[{"href":"https:\/\/snrir.ro\/en\/wp-json\/wp\/v2\/media?parent=1117"}],"wp:term":[{"taxonomy":"category","embeddable":true,"href":"https:\/\/snrir.ro\/en\/wp-json\/wp\/v2\/categories?post=1117"},{"taxonomy":"post_tag","embeddable":true,"href":"https:\/\/snrir.ro\/en\/wp-json\/wp\/v2\/tags?post=1117"}],"curies":[{"name":"wp","href":"https:\/\/api.w.org\/{rel}","templated":true}]}}