{"id":1146,"date":"2024-05-31T11:37:53","date_gmt":"2024-05-31T08:37:53","guid":{"rendered":"https:\/\/snrir.ro\/?p=1146"},"modified":"2025-03-03T18:28:54","modified_gmt":"2025-03-03T16:28:54","slug":"conferinta-nationala-snrir","status":"publish","type":"post","link":"https:\/\/snrir.ro\/en\/conferinta-nationala-snrir\/","title":{"rendered":"Conferinta Nationala SNRIR"},"content":{"rendered":"<p style=\"text-align: center;\"><span style=\"color: #0378be;\"><em><strong>SAVE THE DATE!<\/strong><\/em><\/span><\/p>\n<p style=\"text-align: center;\"><em><strong>Societatea de Neuroradiologie <\/strong><\/em><em><strong>\u0219<\/strong><\/em><em><strong>i Radiologie Interven<\/strong><\/em><em><strong>\u021b<\/strong><\/em><em><strong>ional<\/strong><\/em><em><strong>\u0103<\/strong><\/em><em><strong> din Rom<\/strong><\/em><em><strong>\u00e2<\/strong><\/em><em><strong>nia (SNRIR)<\/strong><\/em><em>\u00a0are deosebita pl<\/em><em>\u0103<\/em><em>cere de a anun<\/em><em>\u0163<\/em><em>a organizarea celei de-a\u00a0<\/em><span style=\"color: #0378be;\"><strong><em>14-a edi<\/em><\/strong><strong><em>\u0163<\/em><\/strong><strong><em>ii a Conferin<\/em><\/strong><strong><em>\u0163<\/em><\/strong><strong><em>ei Na<\/em><\/strong><strong><em>\u021bionale <\/em><\/strong><strong><em>SNRIR<\/em><\/strong><\/span><em>! Evenimentul se va desf<\/em><em>\u0103\u015f<\/em><em>ura la\u00a0<\/em><strong><em>Poiana Bra<\/em><\/strong><strong><em>\u015f<\/em><\/strong><strong><em>ov, <\/em><\/strong><strong><em>\u00ee<\/em><\/strong><strong><em>n perioada <\/em><\/strong><span style=\"color: #0378be;\"><strong><em>25-27 aprilie 2025<\/em><\/strong><\/span><em>.<br \/>\n<\/em><\/p>\n<p style=\"text-align: center;\"><span style=\"color: #ff0000;\"><b><span lang=\"RO\">\u00censcrierile sunt disponibile acces\u00e2nd<\/span><\/b> <span lang=\"RO\"><a style=\"color: #ff0000;\" href=\"https:\/\/simpozion-snrir.ro\/#inscrieri\">https:\/\/simpozion-snrir.ro\/#inscrieri<\/a> !<\/span><\/span><\/p>\n<p style=\"text-align: center;\"><em><strong>Suntem ner\u0103bd\u0103tori s\u0103 ne revedem \u00een num\u0103r c\u00e2t mai mare!<\/strong><\/em><\/p>\n<p style=\"text-align: center;\"><em><strong>Conf. Dr. Bogdan Valeriu Popa<\/strong><\/em><em><br \/>\n<\/em><em><strong>Pre\u0219edinte SNRIR<\/strong><\/em><\/p>\n<p>&nbsp;<\/p>\n<p><img loading=\"lazy\" class=\"aligncenter size-full wp-image-1149\" src=\"https:\/\/snrir.ro\/wp-content\/uploads\/2024\/05\/SAVE-THE-DATE-1-1.gif\" alt=\"\" width=\"1152\" height=\"648\" \/><\/p>\n<p>&nbsp;<\/p>\n","protected":false},"excerpt":{"rendered":"<p>SAVE THE DATE! Societatea de Neuroradiologie \u0219i Radiologie Interven\u021bional\u0103 din Rom\u00e2nia (SNRIR)\u00a0are deosebita pl\u0103cere de a anun\u0163a organizarea celei de-a\u00a014-a edi\u0163ii a Conferin\u0163ei Na\u021bionale SNRIR! Evenimentul se va desf\u0103\u015fura la\u00a0Poiana Bra\u015fov, \u00een perioada 25-27 aprilie 2025. \u00censcrierile sunt disponibile acces\u00e2nd https:\/\/simpozion-snrir.ro\/#inscrieri ! Suntem ner\u0103bd\u0103tori s\u0103 ne revedem \u00een num\u0103r c\u00e2t mai mare! Conf. Dr. Bogdan Valeriu Popa Pre\u0219edinte SNRIR &nbsp; &nbsp;<\/p>\n","protected":false},"author":1,"featured_media":1145,"comment_status":"closed","ping_status":"open","sticky":false,"template":"","format":"standard","meta":{"_mi_skip_tracking":false},"categories":[27],"tags":[],"_links":{"self":[{"href":"https:\/\/snrir.ro\/en\/wp-json\/wp\/v2\/posts\/1146"}],"collection":[{"href":"https:\/\/snrir.ro\/en\/wp-json\/wp\/v2\/posts"}],"about":[{"href":"https:\/\/snrir.ro\/en\/wp-json\/wp\/v2\/types\/post"}],"author":[{"embeddable":true,"href":"https:\/\/snrir.ro\/en\/wp-json\/wp\/v2\/users\/1"}],"replies":[{"embeddable":true,"href":"https:\/\/snrir.ro\/en\/wp-json\/wp\/v2\/comments?post=1146"}],"version-history":[{"count":5,"href":"https:\/\/snrir.ro\/en\/wp-json\/wp\/v2\/posts\/1146\/revisions"}],"predecessor-version":[{"id":1174,"href":"https:\/\/snrir.ro\/en\/wp-json\/wp\/v2\/posts\/1146\/revisions\/1174"}],"wp:featuredmedia":[{"embeddable":true,"href":"https:\/\/snrir.ro\/en\/wp-json\/wp\/v2\/media\/1145"}],"wp:attachment":[{"href":"https:\/\/snrir.ro\/en\/wp-json\/wp\/v2\/media?parent=1146"}],"wp:term":[{"taxonomy":"category","embeddable":true,"href":"https:\/\/snrir.ro\/en\/wp-json\/wp\/v2\/categories?post=1146"},{"taxonomy":"post_tag","embeddable":true,"href":"https:\/\/snrir.ro\/en\/wp-json\/wp\/v2\/tags?post=1146"}],"curies":[{"name":"wp","href":"https:\/\/api.w.org\/{rel}","templated":true}]}}