{"id":663,"date":"2019-03-21T16:46:35","date_gmt":"2019-03-21T14:46:35","guid":{"rendered":"http:\/\/snrir.ro\/?p=663"},"modified":"2019-03-21T16:53:29","modified_gmt":"2019-03-21T14:53:29","slug":"al-4-lea-congres-al-sfcns","status":"publish","type":"post","link":"https:\/\/snrir.ro\/en\/al-4-lea-congres-al-sfcns\/","title":{"rendered":"Al 4-lea Congres al Federa\u021biei Societ\u0103\u021bilor Neurologice din Elve\u021bia"},"content":{"rendered":"<p>Federa\u021bia Elve\u021bian\u0103 a Societ\u0103\u021bilor Neurologice anun\u021b\u0103 cel de-al 4-lea Congres SFCNS. evenimentul va avea loc la SwissTech Convention Center, \u00een Lausanne, \u00een perioada 23-25 Octombrie, 2019. Mai multe detalii sunt disponibile pe site-ul evenimentului, la urm\u0103torul link:<b>\u00a0<a href=\"https:\/\/sfcns2019.congress-imk.ch\/\" target=\"_blank\" rel=\"noopener noreferrer\">https:\/\/sfcns2019.congress-imk.ch\/<\/a>\u00a0<\/b><\/p>\n<p>Congresul va fi urmat de Cursul de Imagistica SFCNS, \u00een data de 26 octombrie. Detalii <a href=\"https:\/\/sfcns2019.congress-imk.ch\/frontend\/index.php?folder_id=1114\" target=\"_blank\" rel=\"noopener\">aici<\/a>.<\/p>\n<p>Federa\u021bia Elve\u021bian\u0103 a Societ\u0103\u021bilor Neurologice (SFCNS) a fost \u00eenfiin\u021bat\u0103 \u00een 2009, cu prilejul centanarului Societ\u0103\u021bii Neurologice din Elve\u021bia, ce a reunit \u0219ase Societ\u0103\u021bi Elve\u021biene de Neuro\u0219tiint\u0103. \u00cenc\u0103 de la \u00eenfiin\u021bare, SFCNS a depus eforturi sus\u021binute pentru \u00eembun\u0103t\u0103\u021birea calit\u0103\u021bii s\u0219i vizibilit\u0103\u021bii neuro\u0219tiin\u021bei, at\u00e2t la nivel local, c\u00e2t \u0219i na\u021bional \u0219i interna\u021bional.<\/p>\n","protected":false},"excerpt":{"rendered":"<p>Federa\u021bia Elve\u021bian\u0103 a Societ\u0103\u021bilor Neurologice anun\u021b\u0103 cel de-al 4-lea Congres SFCNS. evenimentul va avea loc la SwissTech Convention Center, \u00een Lausanne, \u00een perioada 23-25 Octombrie, 2019. Mai multe detalii sunt disponibile pe site-ul evenimentului, la urm\u0103torul link:\u00a0https:\/\/sfcns2019.congress-imk.ch\/\u00a0 Congresul va fi urmat de Cursul de Imagistica SFCNS, \u00een data de 26 octombrie. Detalii aici. Federa\u021bia Elve\u021bian\u0103 a Societ\u0103\u021bilor Neurologice (SFCNS) a fost \u00eenfiin\u021bat\u0103 \u00een 2009, cu prilejul centanarului Societ\u0103\u021bii Neurologice din Elve\u021bia, ce a reunit \u0219ase Societ\u0103\u021bi Elve\u021biene de Neuro\u0219tiint\u0103. \u00cenc\u0103 de la \u00eenfiin\u021bare, SFCNS a depus eforturi sus\u021binute pentru \u00eembun\u0103t\u0103\u021birea calit\u0103\u021bii s\u0219i vizibilit\u0103\u021bii neuro\u0219tiin\u021bei, at\u00e2t la nivel local, c\u00e2t \u0219i na\u021bional \u0219i interna\u021bional.<\/p>\n","protected":false},"author":2,"featured_media":666,"comment_status":"open","ping_status":"open","sticky":false,"template":"","format":"standard","meta":{"_mi_skip_tracking":false},"categories":[27],"tags":[],"_links":{"self":[{"href":"https:\/\/snrir.ro\/en\/wp-json\/wp\/v2\/posts\/663"}],"collection":[{"href":"https:\/\/snrir.ro\/en\/wp-json\/wp\/v2\/posts"}],"about":[{"href":"https:\/\/snrir.ro\/en\/wp-json\/wp\/v2\/types\/post"}],"author":[{"embeddable":true,"href":"https:\/\/snrir.ro\/en\/wp-json\/wp\/v2\/users\/2"}],"replies":[{"embeddable":true,"href":"https:\/\/snrir.ro\/en\/wp-json\/wp\/v2\/comments?post=663"}],"version-history":[{"count":3,"href":"https:\/\/snrir.ro\/en\/wp-json\/wp\/v2\/posts\/663\/revisions"}],"predecessor-version":[{"id":667,"href":"https:\/\/snrir.ro\/en\/wp-json\/wp\/v2\/posts\/663\/revisions\/667"}],"wp:featuredmedia":[{"embeddable":true,"href":"https:\/\/snrir.ro\/en\/wp-json\/wp\/v2\/media\/666"}],"wp:attachment":[{"href":"https:\/\/snrir.ro\/en\/wp-json\/wp\/v2\/media?parent=663"}],"wp:term":[{"taxonomy":"category","embeddable":true,"href":"https:\/\/snrir.ro\/en\/wp-json\/wp\/v2\/categories?post=663"},{"taxonomy":"post_tag","embeddable":true,"href":"https:\/\/snrir.ro\/en\/wp-json\/wp\/v2\/tags?post=663"}],"curies":[{"name":"wp","href":"https:\/\/api.w.org\/{rel}","templated":true}]}}