{"id":953,"date":"2020-09-21T11:04:35","date_gmt":"2020-09-21T08:04:35","guid":{"rendered":"https:\/\/snrir.ro\/?p=953"},"modified":"2021-01-13T17:21:58","modified_gmt":"2021-01-13T15:21:58","slug":"congresul-national-de-neurostiinte-moderne-04-08-11-2020","status":"publish","type":"post","link":"https:\/\/snrir.ro\/en\/congresul-national-de-neurostiinte-moderne-04-08-11-2020\/","title":{"rendered":"Congresul Na\u021bional de Neuro\u0219tiin\u021be Moderne | 04-08.11.2020"},"content":{"rendered":"<p><strong>Dragi Colegi,<\/strong><\/p>\n<p>Ca urmare a situa\u021biei epidemiologice create de infec\u021bia cu\u00a0<strong>COVID-19<\/strong>\u00a0\u0219i pentru c\u0103 am ales s\u0103 lupt\u0103m pentru preven\u021bia, limitarea \u0219i anihilarea acestei infec\u021bii virale, dorim s\u0103 v\u0103 anun\u021b\u0103m c\u0103 edi\u021bia din 2020 a\u00a0<strong>Congresului Na\u021bional de Neuro\u0219tiin\u021be Moderne<\/strong>, se va desf\u0103\u0219ura sub form\u0103 de cursuri online prin internet \u00een perioada\u00a0<strong>04-08\u00a0Noiembrie 2020<\/strong>. Aceast\u0103 decizie a fost luat\u0103 \u00een urma numeroaselor solicit\u0103ri venite din partea speciali\u0219tilor din diferite domenii ale neuro\u0219tiin\u021belor din Rom\u00e2nia.<\/p>\n<p>V\u0103 promitem, ca \u00een fiecare an, c\u0103 vom construi \u00eempreun\u0103 un program cu lucr\u0103ri de real folos \u00een activitatea dumneavoastr\u0103 zilnic\u0103, demn de o manifestare complex\u0103 \u015fi de referin\u0163\u0103. Participan\u021bii la lucr\u0103rile online ale\u00a0<strong>Congresului Na\u021bional de Neuro\u0219tiin\u021be Moderne<\/strong>, vor avea ocazia s\u0103 afle despre cele mai noi probleme din domeniul Neuro\u0219tiin\u021belor. Congresul se adreseaz\u0103 speciali\u0219tilor din Neurochirurgie, Neurologie, Oftalmologie, Neuro-oftalmologie, Neuroradiologie \u0219i Radiologie Interven\u021bional\u0103, Neuro-anatomie Patologic\u0103, Neuro-Oncologie, Recuperare Medical\u0103, Ortopedie, Urgen\u021be Neurochirurgicale, Anestezie, Psihologie, etc.<\/p>\n<p><strong>Spitalul Clinic de Urgen\u021b\u0103 \u201eProf. Dr. N. Oblu\u201d Ia\u0219i<\/strong>,\u00a0<strong>Societatea Rom\u00e2n\u0103 de Neurochirurgie, Societatea Rom\u00e2n\u0103 de Oftalmologie, Societatea de Neuroradiologie \u0219i Radiologie Interven\u021bional\u0103 din Rom\u00e2nia, Societatea de Neurologie din Rom\u00e2nia, Universitatea de Medicin\u0103 \u0219i Farmacie \u201eGr. T. Popa\u201d Ia\u0219i, Asocia\u021bia AntiParkinson Rom\u00e2nia, Grupul AntiParkinson Laleaua Ia\u0219iului, Academia de \u0218tiin\u021be Medicale, Universitatea\u00a0<\/strong><strong>\u201c<\/strong><strong>Alexandru Ioan Cuza\u201d Ia\u0219i, Universitatea Tehnic\u0103 \u201eGheorghe Asachi\u201d din Ia\u0219i, Asocia\u021bia Bridging Eastern and Western Psychiatry Romania \u0219i Colegiul Medicilor din Rom\u00e2nia,\u00a0<\/strong>au deosebita onoare \u0219i pl\u0103cere de a v\u0103 invita s\u0103 participa\u021bi la lucr\u0103rile online a celei de a doua edi\u021bii a\u00a0<strong>Congresului Na\u021bional de Neuro\u0219tiin\u021be Moderne.<\/strong><\/p>\n<p><strong>Lucr\u0103rile congresului, vor avea loc Online, \u00een perioada 04-08 Noiembrie 2020. Evenimentul va fi creditat cu 30 credite EMC de c\u0103tre Colegiul Medicilor din Rom\u00e2nia.<\/strong><\/p>\n<p><strong>Temele abordate<\/strong>\u00a0\u00een cadrul lucr\u0103rilor Congresului de Neuro\u0219tiin\u021be Moderne, vor fi structurate pe diverse sec\u021biuni, astfel:<\/p>\n<ul>\n<li><strong>SEC\u021aIUNE DE NEUROCHIRURGIE<\/strong><strong>;<\/strong><\/li>\n<li><strong>SEC\u021aIUNE DE\u00a0<\/strong><strong>OFTALMOLOGIE \u0218I\u00a0NEURO-OFTALMOLOGIE;<\/strong><\/li>\n<li><strong>SEC\u021aIUNE DE NEUROLOGIE;<\/strong><\/li>\n<li><strong>SEC\u021aIUNE DE NEURORADIOLOGIE \u0218I RADIOLOGIE INTERVEN\u021aIONAL\u0102;<\/strong><\/li>\n<li><strong>SEC\u021aIUNE DE NEURO-RECUPERARE MEDICAL\u0102;<\/strong><\/li>\n<li><strong>SEC\u021aIUNE DE URGEN\u021aE NEUROCHIRURGICALE \u2013 TRAUMATOLOGIE;<\/strong><\/li>\n<li><strong>SEC\u021aIUNE DE NEURO-ANATOMIE PATOLOGIC\u0102;<\/strong><\/li>\n<li><strong>SEC\u021aIUNE DE NEURO-ANESTEZIE<\/strong><strong>;<\/strong><\/li>\n<li><strong>SEC\u021aIUNE DE PSIHOLOGIE.<\/strong><\/li>\n<\/ul>\n<p>Sper\u0103m c\u0103 acest eveniment organizat sub forma unor cursuri prin internet, s\u0103 reprezinte un moment bun \u0219i un prilej optim pentru schimbul de cuno\u0219tin\u021be, care s\u0103 genereze noi idei, concepte, strategii \u0219i abilit\u0103\u021bi practice \u00een domeniul Neuro\u0219tiin\u021belor.<\/p>\n<p><strong>Pentru c\u0103 s\u0103n\u0103tatea voastr\u0103, a noastr\u0103 \u0219i a celor de l\u00e2ng\u0103 noi este cea mai important\u0103!<\/strong><\/p>\n<p>V\u0103 invit\u0103m s\u0103 participa\u021bi cu lucr\u0103ri proprii \u0219i nout\u0103\u021bi, at\u00e2t pentru a face cunoscute ultimele achizi\u021bii \u00een domeniu, c\u00e2t \u0219i pentru a deschide ochii tinerilor reziden\u021bi asupra domeniilor fascinante ale neurochirurgiei, neurologiei,\u00a0oftalmologiei \u0219i\u00a0neuro-oftalmologiei, neuro-radiologiei \u0219i radiologiei interven\u021bionale \u0219i pentru a-i atrage spre acestea.<\/p>\n<p>V\u0103 rug\u0103m s\u0103 ne fi\u021bi al\u0103turi \u00een organizarea acestei eveniment, disemin\u00e2nd aceast\u0103 informa\u021bie c\u0103tre toate persoanele interesate.<\/p>\n<p>Evenimentul reprezint\u0103 o confirmare c\u0103 ora\u0219ul Ia\u0219i a devenit un adev\u0103rat\u00a0<strong>Centru de Excelen\u021b\u0103<\/strong>\u00a0\u00een domeniul medical \u0219i \u00eenc\u0103 o dovad\u0103 c\u0103\u00a0<strong>NEURO\u0218TIIN\u021aA &#038;<\/strong>\u00a0<strong>NEUROEXCELEN\u021aA<\/strong>\u00a0sunt preocup\u0103ri constante la Ia\u0219i.<\/p>\n<p><strong>\u0218ef lucr\u0103ri Dr. Lucian EVA<\/strong><\/p>\n<p><strong>Pre\u0219edinte Congres<\/strong><\/p>\n<p><strong>\u00ceNREGISTRARE ONLINE LA LUCR\u0102RILE CONGRESULUI DE NEURO\u0218TIIN\u021aE MODERNE:\u00a0<a href=\"http:\/\/www.neuroexcelenta.ro\/\" data-saferedirecturl=\"https:\/\/www.google.com\/url?q=http:\/\/www.neuroexcelenta.ro&#038;source=gmail&#038;ust=1600754763552000&#038;usg=AFQjCNE2OkBIcDZllep4LnhkO15hu7X4zg\">www.neuroexcelenta.ro<\/a><\/strong><\/p>\n","protected":false},"excerpt":{"rendered":"<p>Dragi Colegi, Ca urmare a situa\u021biei epidemiologice create de infec\u021bia cu\u00a0COVID-19\u00a0\u0219i pentru c\u0103 am ales s\u0103 lupt\u0103m pentru preven\u021bia, limitarea \u0219i anihilarea acestei infec\u021bii virale, dorim s\u0103 v\u0103 anun\u021b\u0103m c\u0103 edi\u021bia din 2020 a\u00a0Congresului Na\u021bional de Neuro\u0219tiin\u021be Moderne, se va desf\u0103\u0219ura sub form\u0103 de cursuri online prin internet \u00een perioada\u00a004-08\u00a0Noiembrie 2020. Aceast\u0103 decizie a fost luat\u0103 \u00een urma numeroaselor solicit\u0103ri venite din partea speciali\u0219tilor din diferite domenii ale neuro\u0219tiin\u021belor din Rom\u00e2nia. V\u0103 promitem, ca \u00een fiecare an, c\u0103 vom construi \u00eempreun\u0103 un program cu lucr\u0103ri de real folos \u00een activitatea dumneavoastr\u0103 zilnic\u0103, demn de o manifestare complex\u0103 \u015fi de referin\u0163\u0103. Participan\u021bii la lucr\u0103rile online ale\u00a0Congresului Na\u021bional de Neuro\u0219tiin\u021be Moderne, vor avea ocazia s\u0103 afle despre cele mai noi probleme din domeniul Neuro\u0219tiin\u021belor. Congresul se adreseaz\u0103 speciali\u0219tilor din Neurochirurgie, Neurologie, Oftalmologie, Neuro-oftalmologie, Neuroradiologie \u0219i Radiologie Interven\u021bional\u0103, Neuro-anatomie Patologic\u0103, Neuro-Oncologie, Recuperare Medical\u0103, Ortopedie, Urgen\u021be Neurochirurgicale, Anestezie, Psihologie, etc. Spitalul Clinic de Urgen\u021b\u0103 \u201eProf. Dr. N. Oblu\u201d Ia\u0219i,\u00a0Societatea Rom\u00e2n\u0103 de Neurochirurgie, Societatea Rom\u00e2n\u0103 de Oftalmologie, Societatea de Neuroradiologie \u0219i Radiologie Interven\u021bional\u0103 din Rom\u00e2nia, Societatea de Neurologie din Rom\u00e2nia, Universitatea de Medicin\u0103 \u0219i Farmacie \u201eGr. T. Popa\u201d Ia\u0219i, Asocia\u021bia AntiParkinson Rom\u00e2nia, Grupul AntiParkinson Laleaua Ia\u0219iului, Academia de \u0218tiin\u021be Medicale, Universitatea\u00a0\u201cAlexandru Ioan Cuza\u201d Ia\u0219i, Universitatea Tehnic\u0103 \u201eGheorghe Asachi\u201d din Ia\u0219i, Asocia\u021bia Bridging Eastern and Western Psychiatry Romania \u0219i Colegiul Medicilor din Rom\u00e2nia,\u00a0au deosebita onoare \u0219i pl\u0103cere de a v\u0103 invita s\u0103 participa\u021bi la lucr\u0103rile online a celei de a doua edi\u021bii a\u00a0Congresului Na\u021bional de Neuro\u0219tiin\u021be Moderne. Lucr\u0103rile congresului, vor avea loc Online, \u00een perioada 04-08 Noiembrie 2020. Evenimentul va fi creditat cu 30 credite EMC de c\u0103tre Colegiul Medicilor din Rom\u00e2nia. Temele abordate\u00a0\u00een cadrul lucr\u0103rilor Congresului de Neuro\u0219tiin\u021be Moderne, vor fi structurate pe diverse sec\u021biuni, astfel: SEC\u021aIUNE DE NEUROCHIRURGIE; SEC\u021aIUNE DE\u00a0OFTALMOLOGIE \u0218I\u00a0NEURO-OFTALMOLOGIE; SEC\u021aIUNE DE NEUROLOGIE; SEC\u021aIUNE DE NEURORADIOLOGIE \u0218I RADIOLOGIE INTERVEN\u021aIONAL\u0102; SEC\u021aIUNE DE NEURO-RECUPERARE MEDICAL\u0102; SEC\u021aIUNE DE URGEN\u021aE NEUROCHIRURGICALE \u2013 TRAUMATOLOGIE; SEC\u021aIUNE DE NEURO-ANATOMIE PATOLOGIC\u0102; SEC\u021aIUNE DE NEURO-ANESTEZIE; SEC\u021aIUNE DE PSIHOLOGIE. Sper\u0103m c\u0103 acest eveniment organizat sub forma unor cursuri prin internet, s\u0103 reprezinte un moment bun \u0219i un prilej optim pentru schimbul de cuno\u0219tin\u021be, care s\u0103 genereze noi idei, concepte, strategii \u0219i abilit\u0103\u021bi practice \u00een domeniul Neuro\u0219tiin\u021belor. Pentru c\u0103 s\u0103n\u0103tatea voastr\u0103, a noastr\u0103 \u0219i a celor de l\u00e2ng\u0103 noi este cea mai important\u0103! V\u0103 invit\u0103m s\u0103 participa\u021bi cu lucr\u0103ri proprii \u0219i nout\u0103\u021bi, at\u00e2t pentru a face cunoscute ultimele achizi\u021bii \u00een domeniu, c\u00e2t \u0219i pentru a deschide ochii tinerilor reziden\u021bi asupra domeniilor fascinante ale neurochirurgiei, neurologiei,\u00a0oftalmologiei \u0219i\u00a0neuro-oftalmologiei, neuro-radiologiei \u0219i radiologiei interven\u021bionale \u0219i pentru a-i atrage spre acestea. V\u0103 rug\u0103m s\u0103 ne fi\u021bi al\u0103turi \u00een organizarea acestei eveniment, disemin\u00e2nd aceast\u0103 informa\u021bie c\u0103tre toate persoanele interesate. Evenimentul reprezint\u0103 o confirmare c\u0103 ora\u0219ul Ia\u0219i a devenit un adev\u0103rat\u00a0Centru de Excelen\u021b\u0103\u00a0\u00een domeniul medical \u0219i \u00eenc\u0103 o dovad\u0103 c\u0103\u00a0NEURO\u0218TIIN\u021aA &#038;\u00a0NEUROEXCELEN\u021aA\u00a0sunt preocup\u0103ri constante la Ia\u0219i. \u0218ef lucr\u0103ri Dr. Lucian EVA Pre\u0219edinte Congres \u00ceNREGISTRARE ONLINE LA LUCR\u0102RILE CONGRESULUI DE NEURO\u0218TIIN\u021aE MODERNE:\u00a0www.neuroexcelenta.ro<\/p>\n","protected":false},"author":2,"featured_media":954,"comment_status":"open","ping_status":"open","sticky":false,"template":"","format":"standard","meta":{"_mi_skip_tracking":false},"categories":[27],"tags":[],"_links":{"self":[{"href":"https:\/\/snrir.ro\/en\/wp-json\/wp\/v2\/posts\/953"}],"collection":[{"href":"https:\/\/snrir.ro\/en\/wp-json\/wp\/v2\/posts"}],"about":[{"href":"https:\/\/snrir.ro\/en\/wp-json\/wp\/v2\/types\/post"}],"author":[{"embeddable":true,"href":"https:\/\/snrir.ro\/en\/wp-json\/wp\/v2\/users\/2"}],"replies":[{"embeddable":true,"href":"https:\/\/snrir.ro\/en\/wp-json\/wp\/v2\/comments?post=953"}],"version-history":[{"count":1,"href":"https:\/\/snrir.ro\/en\/wp-json\/wp\/v2\/posts\/953\/revisions"}],"predecessor-version":[{"id":955,"href":"https:\/\/snrir.ro\/en\/wp-json\/wp\/v2\/posts\/953\/revisions\/955"}],"wp:featuredmedia":[{"embeddable":true,"href":"https:\/\/snrir.ro\/en\/wp-json\/wp\/v2\/media\/954"}],"wp:attachment":[{"href":"https:\/\/snrir.ro\/en\/wp-json\/wp\/v2\/media?parent=953"}],"wp:term":[{"taxonomy":"category","embeddable":true,"href":"https:\/\/snrir.ro\/en\/wp-json\/wp\/v2\/categories?post=953"},{"taxonomy":"post_tag","embeddable":true,"href":"https:\/\/snrir.ro\/en\/wp-json\/wp\/v2\/tags?post=953"}],"curies":[{"name":"wp","href":"https:\/\/api.w.org\/{rel}","templated":true}]}}